{"id":644,"date":"2020-09-29T08:29:24","date_gmt":"2020-09-29T06:29:24","guid":{"rendered":"https:\/\/bambi.edu.rs\/?p=644"},"modified":"2020-09-29T10:54:21","modified_gmt":"2020-09-29T08:54:21","slug":"humanitarius-vasar-oliver-es-lana-megsegitesere","status":"publish","type":"post","link":"https:\/\/bambi.edu.rs\/hu\/humanitarius-vasar-oliver-es-lana-megsegitesere\/","title":{"rendered":"Humanit\u00e1rius v\u00e1s\u00e1r Oliv\u00e9r \u00e9s Lana megseg\u00edt\u00e9s\u00e9re"},"content":{"rendered":"<p><img data-recalc-dims=\"1\" loading=\"lazy\" decoding=\"async\" class=\"aligncenter size-full wp-image-635\" src=\"https:\/\/i0.wp.com\/bambi.edu.rs\/wp-content\/uploads\/2020\/09\/humanitarius-vasar.jpg?resize=1020%2C1532&#038;ssl=1\" alt=\"Humanit\u00e1rius v\u00e1s\u00e1r Oliv\u00e9r \u00e9s Lana megseg\u00edt\u00e9s\u00e9re\" width=\"1020\" height=\"1532\" srcset=\"https:\/\/i0.wp.com\/bambi.edu.rs\/wp-content\/uploads\/2020\/09\/humanitarius-vasar.jpg?w=1066&amp;ssl=1 1066w, https:\/\/i0.wp.com\/bambi.edu.rs\/wp-content\/uploads\/2020\/09\/humanitarius-vasar.jpg?resize=200%2C300&amp;ssl=1 200w, https:\/\/i0.wp.com\/bambi.edu.rs\/wp-content\/uploads\/2020\/09\/humanitarius-vasar.jpg?resize=682%2C1024&amp;ssl=1 682w, https:\/\/i0.wp.com\/bambi.edu.rs\/wp-content\/uploads\/2020\/09\/humanitarius-vasar.jpg?resize=768%2C1153&amp;ssl=1 768w, https:\/\/i0.wp.com\/bambi.edu.rs\/wp-content\/uploads\/2020\/09\/humanitarius-vasar.jpg?resize=1023%2C1536&amp;ssl=1 1023w\" sizes=\"auto, (max-width: 1020px) 100vw, 1020px\" \/><\/p>\n<h1 style=\"text-align: center;\">Felh\u00edv\u00e1s<\/h1>\n<p>Tisztelt H\u00f6lgyem\/Uram!<\/p>\n<p>A Bambi Iskol\u00e1skor El\u0151tti Int\u00e9zm\u00e9ny a gyermekh\u00e9t keretein bel\u00fcl<\/p>\n<p>\u201eADAKOZZUNK ! SEG\u00cdTS\u00dcNK!\u201dmott\u00f3val humanit\u00e1rius v\u00e1s\u00e1rt\u00a0 szervez Oliv\u00e9r \u00e9s Lana megseg\u00edt\u00e9s\u00e9re,amely 2020.okt\u00f3ber 9-\u00e9n 16 \u00e9s 18 \u00f3ra k\u00f6z\u00f6tt a Felvonul\u00e1si\u00a0 t\u00e9ren ker\u00fcl megrendez\u00e9sre.Megh\u00edvjuk \u00d6n\u00f6ket ,hogy r\u00e9szesei legyenek e humanit\u00e1rius akci\u00f3nak,\u00e9s saj\u00e1t term\u00e9keikkel j\u00e1ruljanak hozz\u00e1 a k\u00e9t gyermek: Oliv\u00e9r \u00e9s Lana gy\u00f3gyul\u00e1s\u00e1hoz.V\u00e1rjuk a j\u00f3sz\u00e1nd\u00e9lk\u00fa polg\u00e1rokat,v\u00e1llalkoz\u00f3kat,hogy egy\u00fcttesen mutassunk p\u00e9ld\u00e1t embers\u00e9gess\u00e9gb\u0151l,ezzel is el\u0151seg\u00edtve a k\u00e9t kisgyermek\u00a0 miel\u0151bbi felgy\u00f3gyul\u00e1s\u00e1t.<\/p>\n<p>Amennyiben saj\u00e1t term\u00e9keivel vagy szolg\u00e1ltat\u00e1saival szeretn\u00e9 valalki a v\u00e1s\u00e1rt sikeresebb\u00e9 tenni,k\u00e9rj\u00fck jelentkezzen 8-14 \u00f3r\u00e1ig az int\u00e9zm\u00e9ny telefonsz\u00e1m\u00e1n,\u00a0\u00a0\u00a0 024-711-148.<\/p>\n<p>\u201eVigy\u00fck v\u00e9gbe saj\u00e1t j\u00f3tetteinket,<\/p>\n<p>Ne v\u00e1rjunk r\u00e1,hogy m\u00e1sok tegy\u00e9k meg helyett\u00fcnk.A legkisebb j\u00f3tett is elnyeri jutalm\u00e1t\u201d (Tatiosz)<\/p>\n<p>&nbsp;<\/p>\n<p>Int\u00e9zm\u00e9ny vezet\u0151je-F\u00e9nysz\u00e1rosi Fekete T\u00edmea<\/p>\n<p>&nbsp;<\/p>\n<p><a href=\"https:\/\/bambi.edu.rs\/wp-content\/uploads\/2020\/09\/MEMORANDUM-VALI.doc\" class=\"mtli_attachment mtli_doc\">Felh\u00edv\u00e1s<\/a><\/p>\n","protected":false},"excerpt":{"rendered":"<p>Felh\u00edv\u00e1s Tisztelt H\u00f6lgyem\/Uram! A Bambi Iskol\u00e1skor El\u0151tti Int\u00e9zm\u00e9ny a gyermekh\u00e9t keretein bel\u00fcl \u201eADAKOZZUNK ! SEG\u00cdTS\u00dcNK!\u201dmott\u00f3val humanit\u00e1rius v\u00e1s\u00e1rt\u00a0 szervez Oliv\u00e9r \u00e9s Lana megseg\u00edt\u00e9s\u00e9re,amely 2020.okt\u00f3ber 9-\u00e9n 16 \u00e9s 18 \u00f3ra k\u00f6z\u00f6tt a Felvonul\u00e1si\u00a0 t\u00e9ren ker\u00fcl megrendez\u00e9sre.Megh\u00edvjuk \u00d6n\u00f6ket ,hogy r\u00e9szesei legyenek e humanit\u00e1rius akci\u00f3nak,\u00e9s saj\u00e1t term\u00e9keikkel j\u00e1ruljanak hozz\u00e1 a k\u00e9t gyermek: Oliv\u00e9r \u00e9s Lana gy\u00f3gyul\u00e1s\u00e1hoz.V\u00e1rjuk a j\u00f3sz\u00e1nd\u00e9lk\u00fa polg\u00e1rokat,v\u00e1llalkoz\u00f3kat,hogy [&#8230;]\n","protected":false},"author":1,"featured_media":635,"comment_status":"open","ping_status":"open","sticky":false,"template":"","format":"standard","meta":{"inline_featured_image":false,"jetpack_post_was_ever_published":false,"footnotes":""},"categories":[6],"tags":[],"class_list":["post-644","post","type-post","status-publish","format-standard","has-post-thumbnail","hentry","category-aktualis"],"jetpack_featured_media_url":"https:\/\/i0.wp.com\/bambi.edu.rs\/wp-content\/uploads\/2020\/09\/humanitarius-vasar.jpg?fit=1066%2C1601&ssl=1","_links":{"self":[{"href":"https:\/\/bambi.edu.rs\/hu\/wp-json\/wp\/v2\/posts\/644","targetHints":{"allow":["GET"]}}],"collection":[{"href":"https:\/\/bambi.edu.rs\/hu\/wp-json\/wp\/v2\/posts"}],"about":[{"href":"https:\/\/bambi.edu.rs\/hu\/wp-json\/wp\/v2\/types\/post"}],"author":[{"embeddable":true,"href":"https:\/\/bambi.edu.rs\/hu\/wp-json\/wp\/v2\/users\/1"}],"replies":[{"embeddable":true,"href":"https:\/\/bambi.edu.rs\/hu\/wp-json\/wp\/v2\/comments?post=644"}],"version-history":[{"count":0,"href":"https:\/\/bambi.edu.rs\/hu\/wp-json\/wp\/v2\/posts\/644\/revisions"}],"wp:featuredmedia":[{"embeddable":true,"href":"https:\/\/bambi.edu.rs\/hu\/wp-json\/wp\/v2\/media\/635"}],"wp:attachment":[{"href":"https:\/\/bambi.edu.rs\/hu\/wp-json\/wp\/v2\/media?parent=644"}],"wp:term":[{"taxonomy":"category","embeddable":true,"href":"https:\/\/bambi.edu.rs\/hu\/wp-json\/wp\/v2\/categories?post=644"},{"taxonomy":"post_tag","embeddable":true,"href":"https:\/\/bambi.edu.rs\/hu\/wp-json\/wp\/v2\/tags?post=644"}],"curies":[{"name":"wp","href":"https:\/\/api.w.org\/{rel}","templated":true}]}}